{"id":4158,"date":"2018-10-02T09:00:18","date_gmt":"2018-10-02T09:00:18","guid":{"rendered":"http:\/\/www.amarenak.com\/?p=1990"},"modified":"2019-03-01T10:06:28","modified_gmt":"2019-03-01T10:06:28","slug":"diseno-moda-cine-en-66ssiff","status":"publish","type":"post","link":"https:\/\/amarenak.com\/blog\/diseno-moda-cine-en-66ssiff\/","title":{"rendered":"Lo mejor del dise\u00f1o, la moda y el cine en el Festival de San Sebasti\u00e1n"},"content":{"rendered":"<div class=\"wpb-content-wrapper\"><p>Ya est\u00e1. Ya ha pasado. Un a\u00f1o m\u00e1s, el <strong><a href=\"https:\/\/www.sansebastianfestival.com\/es\/\" target=\"_blank\" rel=\"noopener\">Zinemaldia<\/a><\/strong> ha llegado a su fin. Un a\u00f1o m\u00e1s,<strong> lo mejor del cine (y la moda) vasca, nacional e internacional se han concentrado en Donostia.<\/strong> Adem\u00e1s, este a\u00f1o hemos tenido la suerte de contar con acreditaci\u00f3n, con lo que, durante 9 d\u00edas, se ha parado el mundo y me he dedicado a conocer diferentes culturas e historias a trav\u00e9s de la gran pantalla.<\/p>\n<h3>Una larga vida y un nuevo dise\u00f1o.<\/h3>\n<p>El <strong>Festival Internacional de Cine de San Sebasti\u00e1n naci\u00f3 en 1953<\/strong>, promovido por los hosteleros y comerciantes de Donostia para alargar as\u00ed el verano y la agenda cultural de la ciudad. Desde su creaci\u00f3n, el festival se ha celebrado a\u00f1o tras a\u00f1o sin interrupci\u00f3n llegando en 2018 a la 66\u00aa edici\u00f3n. Poco a poco el Zinemaldia ha ido evolucionando y creciendo, llegando a ser uno de los festivales oficiales de cine m\u00e1s antiguos y reconocidos en Europa. Este a\u00f1o adem\u00e1s, <strong>ha renovado su imagen gr\u00e1fica, con un dise\u00f1o m\u00e1s sencillo y actual<\/strong> \u00bfQu\u00e9 te parece?<\/p>\n<p>&nbsp;<\/p>\n<p>Otra de las novedades importantes este a\u00f1o, ha sido <a href=\"https:\/\/www.eitb.eus\/es\/cultura\/cine\/festival-san-sebastian\/detalle\/5871597\/igualdad-zinemaldia-firma-carta-paridad-inclusion-mujeres-cine\/\" target=\"_blank\" rel=\"noopener\"><strong>la firma de la Carta por la Paridad y la Inclusi\u00f3n de las Mujeres en el Cine.<\/strong><\/a>\u00a0Con ello el festival se compromete a recabar datos, desglosados por g\u00e9nero para despu\u00e9s poder hacer mejoras.[\/vc_column_text][vc_single_image image=\u00bb4257&#8243; img_size=\u00bblarge\u00bb alignment=\u00bbcenter\u00bb onclick=\u00bbcustom_link\u00bb img_link_target=\u00bb_blank\u00bb link=\u00bbhttp:\/\/www.brandemia.org\/el-festival-de-san-sebastian-renueva-su-imagen-y-pasa-identificarse-con-el-acronimo-ssiff\u00bb][vc_empty_space][vc_column_text]<\/p>\n<h3>Pel\u00edculas vascas en el Festival<\/h3>\n<p>Este a\u00f1o destaca la <strong>cantidad, variedad y calidad de los largometrajes con firma vasca.<\/strong> Si te soy sincera, no he tenido tiempo de ver todas, pero si al menos las dos ganadoras:<a href=\"http:\/\/www.txintxua.com\/es\/peliculas\/oreina\" target=\"_blank\" rel=\"noopener\"> <strong>Oreina de Koldo Almandoz<\/strong>, premio Irizar al Cine Vasco<\/a> y <strong>A<a href=\"https:\/\/www.anotherdayoflifefilm.com\/\" target=\"_blank\" rel=\"noopener\">nother Day of Life de Ra\u00fal de la Fuente y Damian Nenow<\/a><\/strong> que se ha llevado el <strong>premio del p\u00fablico.<\/strong> Otras de las destacadas eran <a href=\"http:\/\/errementari.com\/es\/\" target=\"_blank\" rel=\"noopener\"><strong>Errementari, de Paul Urkijo<\/strong> y co-producida por Alex de la Iglesia<\/a>, inspirada en un cuento tradicional vasco o la pel\u00edcula de animaci\u00f3n <strong><a href=\"http:\/\/www.blackisbeltza.eus\/\" target=\"_blank\" rel=\"noopener\">Black is Beltza<\/a> escrita y dirigida por Ferm\u00edn Muguruza<\/strong>. Mis favoritas han sido:<\/p>\n<p>&nbsp;<\/p>\n<ul>\n<li><a href=\"http:\/\/www.txintxua.com\/es\/peliculas\/dantza\" target=\"_blank\" rel=\"noopener\"><strong>Dantza de Telmo Esnal:<\/strong><\/a><\/li>\n<\/ul>\n<p><em>\u201cUna historia sobre el ciclo de la vida. Donde el paso del tiempo viene marcado por el curso de la naturaleza. Y la danza es el lenguaje elegido para contarlo. La m\u00fasica acompa\u00f1a las rutinas cotidianas; \u00a1La vida es ritmo! Temas universales, vestidos aqu\u00ed con una simbolog\u00eda inspirada en la cultura vasca. La que representa el hipn\u00f3tico universo de las danzas tradicionales. Un canto po\u00e9tico a la tradici\u00f3n, a la tierra, a sus gentes,\u00a0mitos y costumbres&#8230;<\/em>\u201d<\/p>\n<p>As\u00ed la describe la productora <strong>Txintxua films<\/strong> y no puedo estar m\u00e1s de acuerdo. Me encant\u00f3<strong> la fotograf\u00eda, los paisajes, el vestuario, la m\u00fasica<\/strong> (interpretada por los grandes <a href=\"https:\/\/www.alosquartet.com\/\" target=\"_blank\" rel=\"noopener\">Alos Quartet<\/a>, que pusieron tambi\u00e9n m\u00fasica <a href=\"http:\/\/www.amarenak.com\/k-fashion-film-sobre-amarenak\/\" target=\"_blank\" rel=\"noopener\">a nuestro Fashion Film \u201cK\u201d<\/a>). Algo que me hizo especial ilusi\u00f3n fue ver entre los bailarines a nuestra amiga Ane Albisu. Sin duda, <strong>una elegante creaci\u00f3n que actualiza y transmite el universo tradicional vasco<\/strong> de una forma innovadora y art\u00edstica.<\/p>\n<p>Tambi\u00e9n me ha contado un pajarito, que en la presentaci\u00f3n oficial alguien luc\u00eda uno de nuestros <a href=\"http:\/\/amarenakshop.tictail.com\/product\/kaiku-kaikoutil-marine\" target=\"_blank\" rel=\"noopener\">Kaikoutil marine\u00a0<\/a>\ud83d\ude09<\/p>\n<p>&nbsp;<\/p>\n<ul>\n<li><strong>Another Day of Life \/ Un d\u00eda m\u00e1s con vida<\/strong><\/li>\n<\/ul>\n<p>Un documental, que ya hab\u00eda triunfado en Cannes, basado en el libro del periodista polaco\u00a0Ryszard Kapu\u015bci\u0144ski. Esta producci\u00f3n vasco-polaca <strong>combina animaci\u00f3n, con fotograf\u00edas originales de la \u00e9poca y entrevistas a los personajes principales.<\/strong> Ten\u00eda much\u00edsimas ganas de verla, porque he tenido la oportunidad de conocer personalmente a Ra\u00fal y Amaia, director, guionistas y productores de la pel\u00edcula y escuchar en primera persona todo el esfuerzo y dedicaci\u00f3n que les ha supuesto este trabajo.<\/p>\n<p>La historia narra <strong>de forma muy original e impactante las vivencias del periodista durante los meses que pas\u00f3 cubriendo la guerra civil en Angola en 1976.<\/strong> Mediante una animaci\u00f3n muy fluida y realista desarrollada con una t\u00e9cnica innovadora, se muestra la crueldad y crudeza de la guerra, pero tambi\u00e9n su lado humano, a trav\u00e9s de las personas.<\/p>\n<p>&nbsp;<\/p>\n<ul>\n<li><a href=\"https:\/\/vitoria3demarzo-lapelicula.com\/\" target=\"_blank\" rel=\"noopener\"><strong>Vitoria, 3 de marzo<\/strong><\/a><\/li>\n<\/ul>\n<p>Un h\u00edbrido entre pel\u00edcula de ficci\u00f3n y documental que <strong>relata los hechos hist\u00f3ricos sucedidos en 1976, durante una huelga general.<\/strong> Es una de esas pel\u00edculas que hacen falta, para preservar la memoria hist\u00f3rica de nuestro pa\u00eds. La pel\u00edcula alterna filmaciones reales de la \u00e9poca y, lo que m\u00e1s me impresion\u00f3, <strong>las grabaciones originales de la radio de la polic\u00eda.<\/strong>\u00a0Fue un placer verla junto a mi madre, que vivi\u00f3 aquellos momentos en primera persona, trabajando en el hospital de Vitoria.[\/vc_column_text][vc_single_image image=\u00bb4261&#8243; img_size=\u00bblarge\u00bb alignment=\u00bbcenter\u00bb][vc_empty_space][vc_column_text]<\/p>\n<h3>Los estilismos del Festival<\/h3>\n<p>Sabes que una de las cosas m\u00e1s interesantes de los festivales es la moda en la alfombra roja, no? Este a\u00f1o, de nuevo <a href=\"http:\/\/donostiamoda.eus\/es\/2018\/09\/20\/moda-vasca-en-el-festival-de-cine\/\" target=\"_blank\" rel=\"noopener\">el cluster de la moda donostiarra,<\/a> apoyando las firmas locales y la moda vasca, ha conseguido vestir a algunas de <strong>las estrellas con moda y complementos #madeinSanSebastian.<\/strong> Mis dos <strong>\u201cBasque design total looks\u00bb<\/strong> favoritos han sido el de <strong>Nagore Aramburu<\/strong> en la gala de Inauguraci\u00f3n y<strong> Brabara Goenaga<\/strong> en la gala de Clausura. A parte de las vestidas con moda vasca, me han sorprendido en general los estilismos de la actriz protagonista de <a href=\"https:\/\/www.filmaffinity.com\/es\/film978147.html\" target=\"_blank\" rel=\"noopener\">Quien te cantar\u00e1<\/a>, otra de mis favoritas. <strong>Najwa Nimri, qu\u00e9 estilazo tienes! <\/strong>Original, divertido y radicalemente diferente.<\/p>\n<p>Sin embargo, a pesar de la presencia de marcas locales, <strong>he echado de menos m\u00e1s marcas de moda sostenible<\/strong>, y c\u00f3mo siempre, <strong>looks un poco m\u00e1s originales e innovadores en el caso de los hombres<\/strong>. Que lo m\u00e1s comentado haya sido este look de Timote\u00e9 Chalamet en la presentaci\u00f3n de<a href=\"https:\/\/www.filmaffinity.com\/es\/film631683.html\" target=\"_blank\" rel=\"noopener\"> Beautiful boy<\/a>\u00a0lo dice todo. \u00bfQui\u00e9n ser\u00e1 el primero que se atreva a sustituir la manida americana por una de nuestras chaquetas kaiku? Ah\u00ed lo dejo.<\/p>\n<ul>\n<li><strong>Nagore Aramburu<\/strong> lleva un vestido de <a href=\"http:\/\/www.manuelavadefiesta.es\/es\/inicio\" target=\"_blank\" rel=\"noopener\">Manuela va de Fiesta<\/a>, joyas de la <a href=\"http:\/\/www.casamunoa.com\/\" target=\"_blank\" rel=\"noopener\">Casa Munoa<\/a> y bolso de <a href=\"https:\/\/boxsansebastian.com\/\" target=\"_blank\" rel=\"noopener\">Box San Sebastian.<\/a><\/li>\n<li><strong>Barbara Goenaga<\/strong>: vestido de <a href=\"https:\/\/sophieetvoila.com\/\" target=\"_blank\" rel=\"noopener\">Sophie et voila<\/a> y joyas de su propia marca, <a href=\"http:\/\/soulbask.com\/\" target=\"_blank\" rel=\"noopener\">Soulbask.<\/a><\/li>\n<li><strong>Timote\u00e9 Chalmet<\/strong> lleva un traje bordado de <a href=\"https:\/\/www.alexandermcqueen.com\/es\" target=\"_blank\" rel=\"noopener\">Alxander McQueen<\/a>.<\/li>\n<\/ul>\n<p>[\/vc_column_text][vc_single_image image=\u00bb4265&#8243; img_size=\u00bblarge\u00bb alignment=\u00bbcenter\u00bb][vc_column_text]A modo de despedida, mi look elegido para la gala de Clausura (de momento no tengo una foto mejor ;), con nuestra <strong><a href=\"http:\/\/amarenakshop.tictail.com\/product\/arratiarra-urrezko-gaua\" target=\"_blank\" rel=\"noopener\">Arratiarra urrezko GAUA<\/a><\/strong>\u00a0y una falda de tul azul.\u00a0 Aqu\u00ed, con otra de las pel\u00edculas que m\u00e1s me gust\u00f3 (\u00a1muy recomendable!): Qui\u00e9n te cantar\u00e1.<\/p>\n<p>\u00bfY t\u00fa que opinas? \u00bfCuales han sido tus pel\u00edculas y looks favoritos?<\/p>\n<p>&nbsp;<\/p>\n<h6>*Fuentes de las im\u00e1genes:<\/h6>\n<ul>\n<li>\n<h6><a href=\"https:\/\/www.sansebastianfestival.com\/es\/\" target=\"_blank\" rel=\"noopener\">Festival de San Sebasti\u00e1n<\/a><\/h6>\n<\/li>\n<li>\n<h6><a href=\"http:\/\/www.brandemia.org\/\" target=\"_blank\" rel=\"noopener\">Brandemia<\/a><\/h6>\n<\/li>\n<li>\n<h6><a href=\"http:\/\/www.txintxua.com\/es\" target=\"_blank\" rel=\"noopener\">Txintxua films<\/a> \/ <a href=\"https:\/\/www.anotherdayoflifefilm.com\/\" target=\"_blank\" rel=\"noopener\">Another day of life film<\/a><\/h6>\n<\/li>\n<li>\n<h6><a href=\"https:\/\/www.eitb.eus\/\" target=\"_blank\" rel=\"noopener\">Eitb (EFE)<\/a>\u00a0\/ <a href=\"https:\/\/www.instagram.com\/barbaragoenaga\/\" target=\"_blank\" rel=\"noopener\">Instagram de Barbara Goenaga<\/a><\/h6>\n<\/li>\n<\/ul>\n<p>[\/vc_column_text][vc_single_image image=\u00bb4269&#8243; img_size=\u00bblarge\u00bb alignment=\u00bbcenter\u00bb][vc_empty_space][vc_separator color=\u00bbblack\u00bb][vc_tweetmeme share_via=\u00bb@amarenamarenak\u00bb share_recommend=\u00bb@amarenamarenak\u00bb share_hashtag=\u00bb#historiasquesellevanpuestas #kaiku\u00bb][vc_facebook][vc_googleplus][\/vc_column][\/vc_row][vc_row][vc_column][\/vc_column]<\/p>\n<\/div>","protected":false},"excerpt":{"rendered":"<p>Ya est\u00e1. Ya ha pasado. Un a\u00f1o m\u00e1s, el Zinemaldia ha llegado a su fin. Un a\u00f1o m\u00e1s, lo mejor del cine (y la moda) vasca, nacional e internacional se han concentrado en Donostia. Adem\u00e1s, este a\u00f1o hemos tenido la suerte de contar con acreditaci\u00f3n, con lo que, durante 9 d\u00edas, se ha parado el [&hellip;]<\/p>\n","protected":false},"author":1,"featured_media":4252,"comment_status":"open","ping_status":"open","sticky":false,"template":"","format":"standard","meta":{"_jetpack_memberships_contains_paid_content":false,"_joinchat":[],"footnotes":""},"categories":[249,255,273],"tags":[270,190,272,185,250,274,275,261,252,276],"class_list":["post-4158","post","type-post","status-publish","format-standard","has-post-thumbnail","hentry","category-amarenak","category-cultura-vasca","category-moda","tag-cine","tag-cultura-es","tag-festival-de-san-sebastian","tag-historias-que-se-llevan-puestas-es","tag-kaiku","tag-moda","tag-peliculas","tag-tradicion","tag-vasca","tag-zinemaldia"],"aioseo_notices":[],"jetpack_featured_media_url":"https:\/\/amarenak.com\/blog\/wp-content\/uploads\/2018\/10\/1-festival-San-Sebastian-zinemaldia-San-Sebastian-film-festival-chaqueta-kaiku-amarenak-basque-style-1200x728.jpg","jetpack_sharing_enabled":true,"_links":{"self":[{"href":"https:\/\/amarenak.com\/blog\/wp-json\/wp\/v2\/posts\/4158","targetHints":{"allow":["GET"]}}],"collection":[{"href":"https:\/\/amarenak.com\/blog\/wp-json\/wp\/v2\/posts"}],"about":[{"href":"https:\/\/amarenak.com\/blog\/wp-json\/wp\/v2\/types\/post"}],"author":[{"embeddable":true,"href":"https:\/\/amarenak.com\/blog\/wp-json\/wp\/v2\/users\/1"}],"replies":[{"embeddable":true,"href":"https:\/\/amarenak.com\/blog\/wp-json\/wp\/v2\/comments?post=4158"}],"version-history":[{"count":0,"href":"https:\/\/amarenak.com\/blog\/wp-json\/wp\/v2\/posts\/4158\/revisions"}],"wp:featuredmedia":[{"embeddable":true,"href":"https:\/\/amarenak.com\/blog\/wp-json\/wp\/v2\/media\/4252"}],"wp:attachment":[{"href":"https:\/\/amarenak.com\/blog\/wp-json\/wp\/v2\/media?parent=4158"}],"wp:term":[{"taxonomy":"category","embeddable":true,"href":"https:\/\/amarenak.com\/blog\/wp-json\/wp\/v2\/categories?post=4158"},{"taxonomy":"post_tag","embeddable":true,"href":"https:\/\/amarenak.com\/blog\/wp-json\/wp\/v2\/tags?post=4158"}],"curies":[{"name":"wp","href":"https:\/\/api.w.org\/{rel}","templated":true}]}}