{"id":13174,"date":"2022-12-20T17:43:52","date_gmt":"2022-12-20T17:43:52","guid":{"rendered":"https:\/\/amarenak.com\/?p=13174"},"modified":"2024-08-23T15:38:36","modified_gmt":"2024-08-23T15:38:36","slug":"nuevo-podcast-episodio-01-elkano","status":"publish","type":"post","link":"https:\/\/amarenak.com\/blog\/nuevo-podcast-episodio-01-elkano\/","title":{"rendered":"Nuevo podcast Cap\u00edtulo 01: Elkano"},"content":{"rendered":"<div class=\"wpb-content-wrapper\"><p>[vc_row][vc_column][vc_column_text]<\/p>\n<p class=\"gmail-CNxNUMI4vuO8-fkO8bPPMQ== gmail-FdGBl7+r1sQJZTUFqRjvJw==\">Ongietorri! Hoy te damos la bienvenida a las Historias que se llevan puestas! Este proyecto lleva en desarrollo bastante tiempo y, por fin, podemos decir que lanzamos con mucha ilusi\u00f3n nuestro nuevo podcast.<\/p>\n<div class=\"gmail-CNxNUMI4vuO8-fkO8bPPMQ== gmail-FdGBl7+r1sQJZTUFqRjvJw==\"><\/div>\n<p>[\/vc_column_text][vc_column_text]Este es el primer cap\u00edtulo que lanza, Oihane Pardo, para compartir contigo todas esas historias curiosas y desconocidas sobre cultura, patrimonio textil vasco, indumentaria e historia de la moda en general que he ido descubriendo desde que fund\u00e9 la firma de moda sostenible <a href=\"https:\/\/amarenak.com\/\">Amarenak<\/a> en 2016.[\/vc_column_text][\/vc_column][\/vc_row][vc_row][vc_column][vc_column_text]<\/p>\n<h4><\/h4>\n<h4 class=\"gmail-public-DraftStyleDefault-block gmail-public-DraftStyleDefault-ltr\"><b>01 &#8211; ELKANO: La primera vuelta al mundo de Juan Sebasti\u00e1n Elcano, y el textil y la ropa en las expediciones marinas &#8211; Oihane Pardo &#8211; Amarenak<\/b><\/h4>\n<p>[\/vc_column_text][vc_column_text]<\/p>\n<div class=\"gmail-CNxNUMI4vuO8-fkO8bPPMQ== gmail-FdGBl7+r1sQJZTUFqRjvJw==\">\n<div class=\"gmail-public-DraftStyleDefault-block gmail-public-DraftStyleDefault-ltr\"><\/div>\n<\/div>\n<div class=\"gmail-CNxNUMI4vuO8-fkO8bPPMQ== gmail-FdGBl7+r1sQJZTUFqRjvJw==\">\n<p class=\"gmail-public-DraftStyleDefault-block gmail-public-DraftStyleDefault-ltr\">En esta ocasi\u00f3n Oihane cuenta algunas curiosidades sobre el papel que tuvieron el tejido y la ropa en la primera vuelta al mundo (1519-1522) y en otras expediciones marinas, con motivo de sus investigaciones para nuestra <a href=\"https:\/\/amarenak.com\/categoria-producto\/elkano\/\">\u00faltima colecci\u00f3n ELKANO<\/a>, en el <a href=\"https:\/\/amarenak.com\/3d-flip-book\/elkano\/\">500 aniversario de la primera vuelta al mundo capitaneada por el marino guipuzcoano Juan Sebasti\u00e1n Elcano <\/a>e inspirada en aquel viaje y la indumentaria de los marinos y balleneros vascos, as\u00ed como, otras labores vinculadas al mar. Esperamos que disfrutes y aprendas mucho con nosotras.<\/p>\n<\/div>\n<p>[\/vc_column_text][vc_column_text]Puedes escucharlo en las siguientes plataformas:<\/p>\n<p>[\/vc_column_text][\/vc_column][\/vc_row][vc_row][vc_column width=\u00bb1\/4&#8243;][vc_single_image image=\u00bb13183&#8243; img_size=\u00bbmedium\u00bb onclick=\u00bbcustom_link\u00bb link=\u00bbhttps:\/\/anchor.fm\/oihane-pardo-amarenak\/episodes\/01&#8212;ELKANO-La-primera-vuelta-al-mundo-de-Juan-Sebastin-Elcano&#8211;y-el-textil-y-la-ropa-en-las-expediciones-marinas&#8212;Oihane-Pardo&#8212;Amarenak-e1s0ssp\u00bb][\/vc_column][vc_column width=\u00bb1\/4&#8243;][vc_single_image image=\u00bb13191&#8243; img_size=\u00bbmedium\u00bb onclick=\u00bbcustom_link\u00bb link=\u00bbhttps:\/\/open.spotify.com\/episode\/3siAa01Or5mZ3NUgs8wXfo?si=71fc5734d3714ef5&#8243;][\/vc_column][vc_column width=\u00bb1\/4&#8243;][vc_single_image image=\u00bb13187&#8243; img_size=\u00bbmedium\u00bb onclick=\u00bbcustom_link\u00bb link=\u00bbhttps:\/\/go.ivoox.com\/rf\/100084635&#8243;][\/vc_column][vc_column width=\u00bb1\/4&#8243;][vc_single_image image=\u00bb13409&#8243; img_size=\u00bbmedium\u00bb onclick=\u00bbcustom_link\u00bb link=\u00bbhttps:\/\/podcasts.google.com\/feed\/aHR0cHM6Ly9hbmNob3IuZm0vcy9iZWE4ZmIzOC9wb2RjYXN0L3Jzcw\u00bb][\/vc_column][\/vc_row][vc_row][vc_column][vc_raw_html]JTNDaWZyYW1lJTIwc3JjJTNEJTIyaHR0cHMlM0ElMkYlMkZ3d3cuaXZvb3guY29tJTJGcGxheWVyX2VqXzEwMDA4NDYzNV82XzEuaHRtbCUzRmMxJTNEYjQ1YTQ2JTIyJTIwd2lkdGglM0QlMjIxMDAlMjUlMjIlMjBoZWlnaHQlM0QlMjIyMDAlMjIlMjBmcmFtZWJvcmRlciUzRCUyMjAlMjIlMjBhbGxvd2Z1bGxzY3JlZW4lM0QlMjIlMjIlMjBzY3JvbGxpbmclM0QlMjJubyUyMiUyMGxvYWRpbmclM0QlMjJsYXp5JTIyJTNFJTNDJTJGaWZyYW1lJTNF[\/vc_raw_html]\n<div class=\"wpcf7 no-js\" id=\"wpcf7-f13202-o1\" lang=\"es-ES\" dir=\"ltr\" data-wpcf7-id=\"13202\">\n<div class=\"screen-reader-response\"><p role=\"status\" aria-live=\"polite\" aria-atomic=\"true\"><\/p> <ul><\/ul><\/div>\n<form action=\"\/blog\/wp-json\/wp\/v2\/posts\/13174#wpcf7-f13202-o1\" method=\"post\" class=\"wpcf7-form init wpcf7-acceptance-as-validation\" aria-label=\"Formulario de contacto\" novalidate=\"novalidate\" data-status=\"init\">\n<fieldset class=\"hidden-fields-container\"><input type=\"hidden\" name=\"_wpcf7\" value=\"13202\" \/><input type=\"hidden\" name=\"_wpcf7_version\" value=\"6.1.5\" \/><input type=\"hidden\" name=\"_wpcf7_locale\" value=\"es_ES\" \/><input type=\"hidden\" name=\"_wpcf7_unit_tag\" value=\"wpcf7-f13202-o1\" \/><input type=\"hidden\" name=\"_wpcf7_container_post\" value=\"0\" \/><input type=\"hidden\" name=\"_wpcf7_posted_data_hash\" value=\"\" \/><input type=\"hidden\" name=\"_wpcf7_recaptcha_response\" value=\"\" \/>\n<\/fieldset>\n<h5>\u00bfQu\u00e9 d\u00eda de la semana te gustar\u00eda que lanz\u00e1semos el nuevo episodio?<br \/>\n<span class=\"wpcf7-form-control-wrap\" data-name=\"radio-547\"><span class=\"wpcf7-form-control wpcf7-radio\"><span class=\"wpcf7-list-item first\"><label><input type=\"radio\" name=\"radio-547\" value=\"Lunes\" \/><span class=\"wpcf7-list-item-label\">Lunes<\/span><\/label><\/span><span class=\"wpcf7-list-item\"><label><input type=\"radio\" name=\"radio-547\" value=\"Martes\" \/><span class=\"wpcf7-list-item-label\">Martes<\/span><\/label><\/span><span class=\"wpcf7-list-item\"><label><input type=\"radio\" name=\"radio-547\" value=\"Mi\u00e9rcoles\" \/><span class=\"wpcf7-list-item-label\">Mi\u00e9rcoles<\/span><\/label><\/span><span class=\"wpcf7-list-item\"><label><input type=\"radio\" name=\"radio-547\" value=\"Jueves\" \/><span class=\"wpcf7-list-item-label\">Jueves<\/span><\/label><\/span><span class=\"wpcf7-list-item\"><label><input type=\"radio\" name=\"radio-547\" value=\"Viernes\" \/><span class=\"wpcf7-list-item-label\">Viernes<\/span><\/label><\/span><span class=\"wpcf7-list-item\"><label><input type=\"radio\" name=\"radio-547\" value=\"S\u00e1bado\" \/><span class=\"wpcf7-list-item-label\">S\u00e1bado<\/span><\/label><\/span><span class=\"wpcf7-list-item last\"><label><input type=\"radio\" name=\"radio-547\" value=\"Domingo\" \/><span class=\"wpcf7-list-item-label\">Domingo<\/span><\/label><\/span><\/span><\/span><br \/>\n<input class=\"wpcf7-form-control wpcf7-submit has-spinner\" type=\"submit\" value=\"Env\u00edo\" \/>\n<\/h5><p style=\"display: none !important;\" class=\"akismet-fields-container\" data-prefix=\"_wpcf7_ak_\"><label>&#916;<textarea name=\"_wpcf7_ak_hp_textarea\" cols=\"45\" rows=\"8\" maxlength=\"100\"><\/textarea><\/label><input type=\"hidden\" id=\"ak_js_1\" name=\"_wpcf7_ak_js\" value=\"196\"\/><script>document.getElementById( \"ak_js_1\" ).setAttribute( \"value\", ( new Date() ).getTime() );<\/script><\/p><div class=\"wpcf7-response-output\" aria-hidden=\"true\"><\/div>\n<\/form>\n<\/div>\n[\/vc_column][\/vc_row][vc_row][vc_column][vc_column_text][\/vc_column_text][vc_cta h2=\u00bb\u00bfSe te ocurre alg\u00fan tema interesante?\u00bb]Nos encantar\u00eda escuchar tus opiniones y sugerencias para futuros episodios. Puedes dejarnos un comentario aqu\u00ed abajo \u00a0:)[\/vc_cta][\/vc_column][\/vc_row]<\/p>\n<\/div>","protected":false},"excerpt":{"rendered":"<p>[vc_row][vc_column][vc_column_text] Ongietorri! Hoy te damos la bienvenida a las Historias que se llevan puestas! Este proyecto lleva en desarrollo bastante tiempo y, por fin, podemos decir que lanzamos con mucha ilusi\u00f3n nuestro nuevo podcast. [\/vc_column_text][vc_column_text]Este es el primer cap\u00edtulo que lanza, Oihane Pardo, para compartir contigo todas esas historias curiosas y desconocidas sobre cultura, patrimonio [&hellip;]<\/p>\n","protected":false},"author":18,"featured_media":13521,"comment_status":"open","ping_status":"open","sticky":false,"template":"","format":"standard","meta":{"_jetpack_memberships_contains_paid_content":false,"_joinchat":[],"footnotes":""},"categories":[1],"tags":[],"class_list":["post-13174","post","type-post","status-publish","format-standard","has-post-thumbnail","hentry","category-prendas"],"aioseo_notices":[],"jetpack_featured_media_url":"https:\/\/amarenak.com\/blog\/wp-content\/uploads\/2023\/01\/Amarenak-historias-que-se-llevan-puestas-coleccion-Elkano-moda-elcano-amarenak-gorka-de-la-granja-.jpg","jetpack_sharing_enabled":true,"_links":{"self":[{"href":"https:\/\/amarenak.com\/blog\/wp-json\/wp\/v2\/posts\/13174","targetHints":{"allow":["GET"]}}],"collection":[{"href":"https:\/\/amarenak.com\/blog\/wp-json\/wp\/v2\/posts"}],"about":[{"href":"https:\/\/amarenak.com\/blog\/wp-json\/wp\/v2\/types\/post"}],"author":[{"embeddable":true,"href":"https:\/\/amarenak.com\/blog\/wp-json\/wp\/v2\/users\/18"}],"replies":[{"embeddable":true,"href":"https:\/\/amarenak.com\/blog\/wp-json\/wp\/v2\/comments?post=13174"}],"version-history":[{"count":0,"href":"https:\/\/amarenak.com\/blog\/wp-json\/wp\/v2\/posts\/13174\/revisions"}],"wp:featuredmedia":[{"embeddable":true,"href":"https:\/\/amarenak.com\/blog\/wp-json\/wp\/v2\/media\/13521"}],"wp:attachment":[{"href":"https:\/\/amarenak.com\/blog\/wp-json\/wp\/v2\/media?parent=13174"}],"wp:term":[{"taxonomy":"category","embeddable":true,"href":"https:\/\/amarenak.com\/blog\/wp-json\/wp\/v2\/categories?post=13174"},{"taxonomy":"post_tag","embeddable":true,"href":"https:\/\/amarenak.com\/blog\/wp-json\/wp\/v2\/tags?post=13174"}],"curies":[{"name":"wp","href":"https:\/\/api.w.org\/{rel}","templated":true}]}}